{"id":4599,"date":"2024-08-16T19:45:42","date_gmt":"2024-08-16T22:45:42","guid":{"rendered":"https:\/\/catalonia.com.br\/?p=4599"},"modified":"2024-08-16T19:45:42","modified_gmt":"2024-08-16T22:45:42","slug":"oficinas-de-leitura","status":"publish","type":"post","link":"https:\/\/catalonia.com.br\/ca\/oficinas-de-leitura\/","title":{"rendered":"Oficinas de leitura"},"content":{"rendered":"","protected":false},"excerpt":{"rendered":"","protected":false},"author":1,"featured_media":0,"comment_status":"closed","ping_status":"closed","sticky":false,"template":"","format":"standard","meta":{"_uag_custom_page_level_css":"","order-bump-settings":[],"_wpfnl_thankyou_order_overview":"on","_wpfnl_thankyou_order_details":"on","_wpfnl_thankyou_billing_details":"on","_wpfnl_thankyou_shipping_details":"on","site-sidebar-layout":"default","site-content-layout":"","ast-site-content-layout":"default","site-content-style":"default","site-sidebar-style":"default","ast-global-header-display":"","ast-banner-title-visibility":"","ast-main-header-display":"","ast-hfb-above-header-display":"","ast-hfb-below-header-display":"","ast-hfb-mobile-header-display":"","site-post-title":"","ast-breadcrumbs-content":"","ast-featured-img":"","footer-sml-layout":"","theme-transparent-header-meta":"default","adv-header-id-meta":"","stick-header-meta":"default","header-above-stick-meta":"","header-main-stick-meta":"","header-below-stick-meta":"","astra-migrate-meta-layouts":"set","ast-page-background-enabled":"default","ast-page-background-meta":{"desktop":{"background-color":"","background-image":"","background-repeat":"repeat","background-position":"center center","background-size":"auto","background-attachment":"scroll","background-type":"","background-media":"","overlay-type":"","overlay-color":"","overlay-opacity":"","overlay-gradient":""},"tablet":{"background-color":"","background-image":"","background-repeat":"repeat","background-position":"center center","background-size":"auto","background-attachment":"scroll","background-type":"","background-media":"","overlay-type":"","overlay-color":"","overlay-opacity":"","overlay-gradient":""},"mobile":{"background-color":"","background-image":"","background-repeat":"repeat","background-position":"center center","background-size":"auto","background-attachment":"scroll","background-type":"","background-media":"","overlay-type":"","overlay-color":"","overlay-opacity":"","overlay-gradient":""}},"ast-content-background-meta":{"desktop":{"background-color":"var(--ast-global-color-5)","background-image":"","background-repeat":"repeat","background-position":"center center","background-size":"auto","background-attachment":"scroll","background-type":"","background-media":"","overlay-type":"","overlay-color":"","overlay-opacity":"","overlay-gradient":""},"tablet":{"background-color":"var(--ast-global-color-5)","background-image":"","background-repeat":"repeat","background-position":"center center","background-size":"auto","background-attachment":"scroll","background-type":"","background-media":"","overlay-type":"","overlay-color":"","overlay-opacity":"","overlay-gradient":""},"mobile":{"background-color":"var(--ast-global-color-5)","background-image":"","background-repeat":"repeat","background-position":"center center","background-size":"auto","background-attachment":"scroll","background-type":"","background-media":"","overlay-type":"","overlay-color":"","overlay-opacity":"","overlay-gradient":""}},"footnotes":""},"categories":[81],"tags":[],"class_list":["post-4599","post","type-post","status-publish","format-standard","hentry","category-memoria-23-24-aulas-de-catalao"],"yoast_head":"<!-- This site is optimized with the Yoast SEO plugin v27.2 - https:\/\/yoast.com\/product\/yoast-seo-wordpress\/ -->\n<title>Oficinas de leitura - Associa\u00e7\u00e3o Cultural Catalonia<\/title>\n<meta name=\"robots\" content=\"index, follow, max-snippet:-1, max-image-preview:large, max-video-preview:-1\" \/>\n<link rel=\"canonical\" href=\"https:\/\/catalonia.com.br\/ca\/oficinas-de-leitura\/\" \/>\n<meta property=\"og:locale\" content=\"ca_ES\" \/>\n<meta property=\"og:type\" content=\"article\" \/>\n<meta property=\"og:title\" content=\"Oficinas de leitura - Associa\u00e7\u00e3o Cultural Catalonia\" \/>\n<meta property=\"og:url\" content=\"https:\/\/catalonia.com.br\/ca\/oficinas-de-leitura\/\" \/>\n<meta property=\"og:site_name\" content=\"Associa\u00e7\u00e3o Cultural Catalonia\" \/>\n<meta property=\"article:published_time\" content=\"2024-08-16T22:45:42+00:00\" \/>\n<meta name=\"author\" content=\"Associa\u00e7\u00e3o Cultural Catalonia\" \/>\n<meta name=\"twitter:card\" content=\"summary_large_image\" \/>\n<meta name=\"twitter:label1\" content=\"Escrit per\" \/>\n\t<meta name=\"twitter:data1\" content=\"Associa\u00e7\u00e3o Cultural Catalonia\" \/>\n<script type=\"application\/ld+json\" class=\"yoast-schema-graph\">{\"@context\":\"https:\/\/schema.org\",\"@graph\":[{\"@type\":\"Article\",\"@id\":\"https:\/\/catalonia.com.br\/oficinas-de-leitura\/#article\",\"isPartOf\":{\"@id\":\"https:\/\/catalonia.com.br\/oficinas-de-leitura\/\"},\"author\":{\"name\":\"Associa\u00e7\u00e3o Cultural Catalonia\",\"@id\":\"https:\/\/catalonia.com.br\/#\/schema\/person\/290e9ee5456767bc37314ca9a08b9a2c\"},\"headline\":\"Oficinas de leitura\",\"datePublished\":\"2024-08-16T22:45:42+00:00\",\"mainEntityOfPage\":{\"@id\":\"https:\/\/catalonia.com.br\/oficinas-de-leitura\/\"},\"wordCount\":3,\"publisher\":{\"@id\":\"https:\/\/catalonia.com.br\/#organization\"},\"articleSection\":[\"Mem\u00f3ria 23\/24 - aulas de catal\u00e3o\"],\"inLanguage\":\"ca\"},{\"@type\":\"WebPage\",\"@id\":\"https:\/\/catalonia.com.br\/oficinas-de-leitura\/\",\"url\":\"https:\/\/catalonia.com.br\/oficinas-de-leitura\/\",\"name\":\"Oficinas de leitura - Associa\u00e7\u00e3o Cultural Catalonia\",\"isPartOf\":{\"@id\":\"https:\/\/catalonia.com.br\/#website\"},\"datePublished\":\"2024-08-16T22:45:42+00:00\",\"breadcrumb\":{\"@id\":\"https:\/\/catalonia.com.br\/oficinas-de-leitura\/#breadcrumb\"},\"inLanguage\":\"ca\",\"potentialAction\":[{\"@type\":\"ReadAction\",\"target\":[\"https:\/\/catalonia.com.br\/oficinas-de-leitura\/\"]}]},{\"@type\":\"BreadcrumbList\",\"@id\":\"https:\/\/catalonia.com.br\/oficinas-de-leitura\/#breadcrumb\",\"itemListElement\":[{\"@type\":\"ListItem\",\"position\":1,\"name\":\"In\u00edcio\",\"item\":\"https:\/\/catalonia.com.br\/\"},{\"@type\":\"ListItem\",\"position\":2,\"name\":\"Oficinas de leitura\"}]},{\"@type\":\"WebSite\",\"@id\":\"https:\/\/catalonia.com.br\/#website\",\"url\":\"https:\/\/catalonia.com.br\/\",\"name\":\"Associa\u00e7\u00e3o Cultural Catalonia\",\"description\":\"\",\"publisher\":{\"@id\":\"https:\/\/catalonia.com.br\/#organization\"},\"potentialAction\":[{\"@type\":\"SearchAction\",\"target\":{\"@type\":\"EntryPoint\",\"urlTemplate\":\"https:\/\/catalonia.com.br\/?s={search_term_string}\"},\"query-input\":{\"@type\":\"PropertyValueSpecification\",\"valueRequired\":true,\"valueName\":\"search_term_string\"}}],\"inLanguage\":\"ca\"},{\"@type\":\"Organization\",\"@id\":\"https:\/\/catalonia.com.br\/#organization\",\"name\":\"Associa\u00e7\u00e3o Cultural Catalonia\",\"url\":\"https:\/\/catalonia.com.br\/\",\"logo\":{\"@type\":\"ImageObject\",\"inLanguage\":\"ca\",\"@id\":\"https:\/\/catalonia.com.br\/#\/schema\/logo\/image\/\",\"url\":\"https:\/\/catalonia.com.br\/wp-content\/uploads\/2023\/06\/cropped-cropped-cropped-Catalonia-logotip-renovat-2.png\",\"contentUrl\":\"https:\/\/catalonia.com.br\/wp-content\/uploads\/2023\/06\/cropped-cropped-cropped-Catalonia-logotip-renovat-2.png\",\"width\":313,\"height\":320,\"caption\":\"Associa\u00e7\u00e3o Cultural Catalonia\"},\"image\":{\"@id\":\"https:\/\/catalonia.com.br\/#\/schema\/logo\/image\/\"}},{\"@type\":\"Person\",\"@id\":\"https:\/\/catalonia.com.br\/#\/schema\/person\/290e9ee5456767bc37314ca9a08b9a2c\",\"name\":\"Associa\u00e7\u00e3o Cultural Catalonia\",\"image\":{\"@type\":\"ImageObject\",\"inLanguage\":\"ca\",\"@id\":\"https:\/\/secure.gravatar.com\/avatar\/229653cd828f7e1ca1f697f46f758640451a69c14a30bc1c7de56f94f2f89e64?s=96&d=mm&r=g\",\"url\":\"https:\/\/secure.gravatar.com\/avatar\/229653cd828f7e1ca1f697f46f758640451a69c14a30bc1c7de56f94f2f89e64?s=96&d=mm&r=g\",\"contentUrl\":\"https:\/\/secure.gravatar.com\/avatar\/229653cd828f7e1ca1f697f46f758640451a69c14a30bc1c7de56f94f2f89e64?s=96&d=mm&r=g\",\"caption\":\"Associa\u00e7\u00e3o Cultural Catalonia\"},\"sameAs\":[\"https:\/\/catalonia.com.br\"],\"url\":\"https:\/\/catalonia.com.br\/ca\/author\/admincat\/\"}]}<\/script>\n<!-- \/ Yoast SEO plugin. -->","yoast_head_json":{"title":"Oficinas de leitura - Associa\u00e7\u00e3o Cultural Catalonia","robots":{"index":"index","follow":"follow","max-snippet":"max-snippet:-1","max-image-preview":"max-image-preview:large","max-video-preview":"max-video-preview:-1"},"canonical":"https:\/\/catalonia.com.br\/ca\/oficinas-de-leitura\/","og_locale":"ca_ES","og_type":"article","og_title":"Oficinas de leitura - Associa\u00e7\u00e3o Cultural Catalonia","og_url":"https:\/\/catalonia.com.br\/ca\/oficinas-de-leitura\/","og_site_name":"Associa\u00e7\u00e3o Cultural Catalonia","article_published_time":"2024-08-16T22:45:42+00:00","author":"Associa\u00e7\u00e3o Cultural Catalonia","twitter_card":"summary_large_image","twitter_misc":{"Escrit per":"Associa\u00e7\u00e3o Cultural Catalonia"},"schema":{"@context":"https:\/\/schema.org","@graph":[{"@type":"Article","@id":"https:\/\/catalonia.com.br\/oficinas-de-leitura\/#article","isPartOf":{"@id":"https:\/\/catalonia.com.br\/oficinas-de-leitura\/"},"author":{"name":"Associa\u00e7\u00e3o Cultural Catalonia","@id":"https:\/\/catalonia.com.br\/#\/schema\/person\/290e9ee5456767bc37314ca9a08b9a2c"},"headline":"Oficinas de leitura","datePublished":"2024-08-16T22:45:42+00:00","mainEntityOfPage":{"@id":"https:\/\/catalonia.com.br\/oficinas-de-leitura\/"},"wordCount":3,"publisher":{"@id":"https:\/\/catalonia.com.br\/#organization"},"articleSection":["Mem\u00f3ria 23\/24 - aulas de catal\u00e3o"],"inLanguage":"ca"},{"@type":"WebPage","@id":"https:\/\/catalonia.com.br\/oficinas-de-leitura\/","url":"https:\/\/catalonia.com.br\/oficinas-de-leitura\/","name":"Oficinas de leitura - Associa\u00e7\u00e3o Cultural Catalonia","isPartOf":{"@id":"https:\/\/catalonia.com.br\/#website"},"datePublished":"2024-08-16T22:45:42+00:00","breadcrumb":{"@id":"https:\/\/catalonia.com.br\/oficinas-de-leitura\/#breadcrumb"},"inLanguage":"ca","potentialAction":[{"@type":"ReadAction","target":["https:\/\/catalonia.com.br\/oficinas-de-leitura\/"]}]},{"@type":"BreadcrumbList","@id":"https:\/\/catalonia.com.br\/oficinas-de-leitura\/#breadcrumb","itemListElement":[{"@type":"ListItem","position":1,"name":"In\u00edcio","item":"https:\/\/catalonia.com.br\/"},{"@type":"ListItem","position":2,"name":"Oficinas de leitura"}]},{"@type":"WebSite","@id":"https:\/\/catalonia.com.br\/#website","url":"https:\/\/catalonia.com.br\/","name":"l'Associaci\u00f3 Cultural Catalonia","description":"","publisher":{"@id":"https:\/\/catalonia.com.br\/#organization"},"potentialAction":[{"@type":"SearchAction","target":{"@type":"EntryPoint","urlTemplate":"https:\/\/catalonia.com.br\/?s={search_term_string}"},"query-input":{"@type":"PropertyValueSpecification","valueRequired":true,"valueName":"search_term_string"}}],"inLanguage":"ca"},{"@type":"Organization","@id":"https:\/\/catalonia.com.br\/#organization","name":"l'Associaci\u00f3 Cultural Catalonia","url":"https:\/\/catalonia.com.br\/","logo":{"@type":"ImageObject","inLanguage":"ca","@id":"https:\/\/catalonia.com.br\/#\/schema\/logo\/image\/","url":"https:\/\/catalonia.com.br\/wp-content\/uploads\/2023\/06\/cropped-cropped-cropped-Catalonia-logotip-renovat-2.png","contentUrl":"https:\/\/catalonia.com.br\/wp-content\/uploads\/2023\/06\/cropped-cropped-cropped-Catalonia-logotip-renovat-2.png","width":313,"height":320,"caption":"Associa\u00e7\u00e3o Cultural Catalonia"},"image":{"@id":"https:\/\/catalonia.com.br\/#\/schema\/logo\/image\/"}},{"@type":"Person","@id":"https:\/\/catalonia.com.br\/#\/schema\/person\/290e9ee5456767bc37314ca9a08b9a2c","name":"l'Associaci\u00f3 Cultural Catalonia","image":{"@type":"ImageObject","inLanguage":"ca","@id":"https:\/\/secure.gravatar.com\/avatar\/229653cd828f7e1ca1f697f46f758640451a69c14a30bc1c7de56f94f2f89e64?s=96&d=mm&r=g","url":"https:\/\/secure.gravatar.com\/avatar\/229653cd828f7e1ca1f697f46f758640451a69c14a30bc1c7de56f94f2f89e64?s=96&d=mm&r=g","contentUrl":"https:\/\/secure.gravatar.com\/avatar\/229653cd828f7e1ca1f697f46f758640451a69c14a30bc1c7de56f94f2f89e64?s=96&d=mm&r=g","caption":"Associa\u00e7\u00e3o Cultural Catalonia"},"sameAs":["https:\/\/catalonia.com.br"],"url":"https:\/\/catalonia.com.br\/ca\/author\/admincat\/"}]}},"uagb_featured_image_src":{"full":false,"thumbnail":false,"medium":false,"medium_large":false,"large":false,"1536x1536":false,"2048x2048":false,"trp-custom-language-flag":false,"woocommerce_thumbnail":false,"woocommerce_single":false,"woocommerce_gallery_thumbnail":false},"uagb_author_info":{"display_name":"Associa\u00e7\u00e3o Cultural Catalonia","author_link":"https:\/\/catalonia.com.br\/ca\/author\/admincat\/"},"uagb_comment_info":0,"uagb_excerpt":null,"_links":{"self":[{"href":"https:\/\/catalonia.com.br\/ca\/wp-json\/wp\/v2\/posts\/4599","targetHints":{"allow":["GET"]}}],"collection":[{"href":"https:\/\/catalonia.com.br\/ca\/wp-json\/wp\/v2\/posts"}],"about":[{"href":"https:\/\/catalonia.com.br\/ca\/wp-json\/wp\/v2\/types\/post"}],"author":[{"embeddable":true,"href":"https:\/\/catalonia.com.br\/ca\/wp-json\/wp\/v2\/users\/1"}],"replies":[{"embeddable":true,"href":"https:\/\/catalonia.com.br\/ca\/wp-json\/wp\/v2\/comments?post=4599"}],"version-history":[{"count":0,"href":"https:\/\/catalonia.com.br\/ca\/wp-json\/wp\/v2\/posts\/4599\/revisions"}],"wp:attachment":[{"href":"https:\/\/catalonia.com.br\/ca\/wp-json\/wp\/v2\/media?parent=4599"}],"wp:term":[{"taxonomy":"category","embeddable":true,"href":"https:\/\/catalonia.com.br\/ca\/wp-json\/wp\/v2\/categories?post=4599"},{"taxonomy":"post_tag","embeddable":true,"href":"https:\/\/catalonia.com.br\/ca\/wp-json\/wp\/v2\/tags?post=4599"}],"curies":[{"name":"wp","href":"https:\/\/api.w.org\/{rel}","templated":true}]}}