{"id":3897,"date":"2023-10-14T17:40:18","date_gmt":"2023-10-14T20:40:18","guid":{"rendered":"https:\/\/catalonia.com.br\/?p=3897"},"modified":"2023-10-14T17:40:18","modified_gmt":"2023-10-14T20:40:18","slug":"uma-rede-para-monitorar-o-posicionamento-do-catalao-na-internet","status":"publish","type":"post","link":"https:\/\/catalonia.com.br\/ca\/uma-rede-para-monitorar-o-posicionamento-do-catalao-na-internet\/","title":{"rendered":"Uma rede para monitorar o posicionamento do catal\u00e3o na Internet"},"content":{"rendered":"<p style=\"text-align: justify;\">A Fundaci\u00f3.cat criou um dispositivo que vai permitir monitorar, de maneira cont\u00ednua, futuras incid\u00eancias que possam afetar o <strong>posicionamento do catal\u00e3o na Internet<\/strong>. Esse monitoramento ser\u00e1 feito por meio de uma rede de sensores que abranger\u00e1 todas as regi\u00f5es de fala catal\u00e3.<\/p>\n<p style=\"text-align: justify;\">Essa rede, administrada pela Fundaci\u00f3.cat, far\u00e1 pesquisas aut\u00f4nomas a fim de avaliar a presen\u00e7a digital do catal\u00e3o, levando em considera\u00e7\u00e3o em diversos fatores. A princ\u00edpio, o monitoramento come\u00e7ar\u00e1 a partir dos motores de pesquisa <strong>Google<\/strong> e <strong>Bing.<\/strong><\/p>\n<p style=\"text-align: center;\"><em>Informa\u00e7\u00e3o relacionada: <a href=\"https:\/\/catalonia.com.br\/ca\/cresce-a-presenca-do-catalao-nas-plataformas\/\" target=\"_blank\" rel=\"noopener\"><span style=\"color: #800000;\">Cresce a presen\u00e7a do catal\u00e3o nas plataformas<\/span><\/a><\/em><\/p>\n<p style=\"text-align: justify;\">O primeiro sensor dessa rede de monitoramento ser\u00e1 instalado em <strong>Val\u00e8ncia<\/strong>, em 17 de outubro, na sede da <strong>Acci\u00f3 Cultural del Pa\u00eds Valenci\u00e0<\/strong>, entidade que integra a <a href=\"https:\/\/xn--alianadigital-mgb.cat\/qui-som\/\" target=\"_blank\" rel=\"noopener\"><strong><span style=\"color: #800000;\">Alian\u00e7a pela Presen\u00e7a Digital do Catal\u00e3o<\/span><\/strong><\/a>, coordenada pela Fundaci\u00f3.cat. Nas etapas posteriores, ter\u00e3o acesso aos demais sensores entidades e empresas que colaboraram na cria\u00e7\u00e3o do relat\u00f3rio sobre o posicionamento do catal\u00e3o na Internet.<\/p>\n<p style=\"text-align: justify;\">Desenvolvida com os pr\u00f3prios recursos da <span style=\"color: #800000;\"><a style=\"color: #800000;\" href=\"https:\/\/xn--fundaci-r0a.cat\/\" target=\"_blank\" rel=\"noopener\">Fundaci\u00f3.cat<\/a><\/span>, essa tecnologia dever\u00e1 estar dispon\u00edvel em c\u00f3digo aberto. Em 19 de outubro, <strong>a rede de monitoramento digital do catal\u00e3o ser\u00e1 apresentada na reuni\u00e3o do intergrupo de Minorias do Parlamento Europeu<\/strong>.<\/p>\n<p><em>_ Com informa\u00e7\u00f5es do <span style=\"color: #800000;\"><a style=\"color: #800000;\" href=\"https:\/\/aquicatalunha.com.br\/\" target=\"_blank\" rel=\"noopener\">portal de not\u00edcias Aqui Catalunha<\/a><\/span><\/em><\/p>","protected":false},"excerpt":{"rendered":"<p>A Fundaci\u00f3.cat criou um dispositivo que vai permitir monitorar, de maneira cont\u00ednua, futuras incid\u00eancias que possam afetar o posicionamento do catal\u00e3o na Internet. Esse monitoramento ser\u00e1 feito por meio de uma rede de sensores que abranger\u00e1 todas as regi\u00f5es de fala catal\u00e3. Essa rede, administrada pela Fundaci\u00f3.cat, far\u00e1 pesquisas aut\u00f4nomas a fim de avaliar a<\/p>","protected":false},"author":1,"featured_media":3899,"comment_status":"closed","ping_status":"closed","sticky":false,"template":"","format":"standard","meta":{"_uag_custom_page_level_css":"","order-bump-settings":[],"_wpfnl_thankyou_order_overview":"on","_wpfnl_thankyou_order_details":"on","_wpfnl_thankyou_billing_details":"on","_wpfnl_thankyou_shipping_details":"on","site-sidebar-layout":"default","site-content-layout":"","ast-site-content-layout":"default","site-content-style":"default","site-sidebar-style":"default","ast-global-header-display":"","ast-banner-title-visibility":"","ast-main-header-display":"","ast-hfb-above-header-display":"","ast-hfb-below-header-display":"","ast-hfb-mobile-header-display":"","site-post-title":"","ast-breadcrumbs-content":"","ast-featured-img":"","footer-sml-layout":"","theme-transparent-header-meta":"default","adv-header-id-meta":"","stick-header-meta":"default","header-above-stick-meta":"","header-main-stick-meta":"","header-below-stick-meta":"","astra-migrate-meta-layouts":"set","ast-page-background-enabled":"default","ast-page-background-meta":{"desktop":{"background-color":"","background-image":"","background-repeat":"repeat","background-position":"center center","background-size":"auto","background-attachment":"scroll","background-type":"","background-media":"","overlay-type":"","overlay-color":"","overlay-opacity":"","overlay-gradient":""},"tablet":{"background-color":"","background-image":"","background-repeat":"repeat","background-position":"center center","background-size":"auto","background-attachment":"scroll","background-type":"","background-media":"","overlay-type":"","overlay-color":"","overlay-opacity":"","overlay-gradient":""},"mobile":{"background-color":"","background-image":"","background-repeat":"repeat","background-position":"center center","background-size":"auto","background-attachment":"scroll","background-type":"","background-media":"","overlay-type":"","overlay-color":"","overlay-opacity":"","overlay-gradient":""}},"ast-content-background-meta":{"desktop":{"background-color":"var(--ast-global-color-5)","background-image":"","background-repeat":"repeat","background-position":"center center","background-size":"auto","background-attachment":"scroll","background-type":"","background-media":"","overlay-type":"","overlay-color":"","overlay-opacity":"","overlay-gradient":""},"tablet":{"background-color":"var(--ast-global-color-5)","background-image":"","background-repeat":"repeat","background-position":"center center","background-size":"auto","background-attachment":"scroll","background-type":"","background-media":"","overlay-type":"","overlay-color":"","overlay-opacity":"","overlay-gradient":""},"mobile":{"background-color":"var(--ast-global-color-5)","background-image":"","background-repeat":"repeat","background-position":"center center","background-size":"auto","background-attachment":"scroll","background-type":"","background-media":"","overlay-type":"","overlay-color":"","overlay-opacity":"","overlay-gradient":""}},"footnotes":""},"categories":[73],"tags":[74,75],"class_list":["post-3897","post","type-post","status-publish","format-standard","has-post-thumbnail","hentry","category-internet","tag-fundacio-cat","tag-internet"],"yoast_head":"<!-- This site is optimized with the Yoast SEO plugin v27.2 - https:\/\/yoast.com\/product\/yoast-seo-wordpress\/ -->\n<title>Uma rede para monitorar o posicionamento do catal\u00e3o na Internet - Associa\u00e7\u00e3o Cultural Catalonia<\/title>\n<meta name=\"description\" content=\"A Fundaci\u00f3.cat desenvolveu uma rede para monitorar o posicionamento do catal\u00e3o na Internet. Leia no blog da Associa\u00e7\u00e3o Cultural Catalonia.\" \/>\n<meta name=\"robots\" content=\"index, follow, max-snippet:-1, max-image-preview:large, max-video-preview:-1\" \/>\n<link rel=\"canonical\" href=\"https:\/\/catalonia.com.br\/ca\/uma-rede-para-monitorar-o-posicionamento-do-catalao-na-internet\/\" \/>\n<meta property=\"og:locale\" content=\"ca_ES\" \/>\n<meta property=\"og:type\" content=\"article\" \/>\n<meta property=\"og:title\" content=\"Uma rede para monitorar o posicionamento do catal\u00e3o na Internet - Associa\u00e7\u00e3o Cultural Catalonia\" \/>\n<meta property=\"og:description\" content=\"A Fundaci\u00f3.cat desenvolveu uma rede para monitorar o posicionamento do catal\u00e3o na Internet. Leia no blog da Associa\u00e7\u00e3o Cultural Catalonia.\" \/>\n<meta property=\"og:url\" content=\"https:\/\/catalonia.com.br\/ca\/uma-rede-para-monitorar-o-posicionamento-do-catalao-na-internet\/\" \/>\n<meta property=\"og:site_name\" content=\"Associa\u00e7\u00e3o Cultural Catalonia\" \/>\n<meta property=\"article:published_time\" content=\"2023-10-14T20:40:18+00:00\" \/>\n<meta property=\"og:image\" content=\"https:\/\/catalonia.com.br\/wp-content\/uploads\/2023\/10\/Uma-rede-para-monitorar-o-posicionamento-do-catalao-na-Internet.png\" \/>\n\t<meta property=\"og:image:width\" content=\"1920\" \/>\n\t<meta property=\"og:image:height\" content=\"778\" \/>\n\t<meta property=\"og:image:type\" content=\"image\/png\" \/>\n<meta name=\"author\" content=\"Associa\u00e7\u00e3o Cultural Catalonia\" \/>\n<meta name=\"twitter:card\" content=\"summary_large_image\" \/>\n<meta name=\"twitter:label1\" content=\"Escrit per\" \/>\n\t<meta name=\"twitter:data1\" content=\"Associa\u00e7\u00e3o Cultural Catalonia\" \/>\n\t<meta name=\"twitter:label2\" content=\"Temps estimat de lectura\" \/>\n\t<meta name=\"twitter:data2\" content=\"2 minuts\" \/>\n<script type=\"application\/ld+json\" class=\"yoast-schema-graph\">{\"@context\":\"https:\/\/schema.org\",\"@graph\":[{\"@type\":\"Article\",\"@id\":\"https:\/\/catalonia.com.br\/uma-rede-para-monitorar-o-posicionamento-do-catalao-na-internet\/#article\",\"isPartOf\":{\"@id\":\"https:\/\/catalonia.com.br\/uma-rede-para-monitorar-o-posicionamento-do-catalao-na-internet\/\"},\"author\":{\"name\":\"Associa\u00e7\u00e3o Cultural Catalonia\",\"@id\":\"https:\/\/catalonia.com.br\/#\/schema\/person\/290e9ee5456767bc37314ca9a08b9a2c\"},\"headline\":\"Uma rede para monitorar o posicionamento do catal\u00e3o na Internet\",\"datePublished\":\"2023-10-14T20:40:18+00:00\",\"mainEntityOfPage\":{\"@id\":\"https:\/\/catalonia.com.br\/uma-rede-para-monitorar-o-posicionamento-do-catalao-na-internet\/\"},\"wordCount\":235,\"publisher\":{\"@id\":\"https:\/\/catalonia.com.br\/#organization\"},\"image\":{\"@id\":\"https:\/\/catalonia.com.br\/uma-rede-para-monitorar-o-posicionamento-do-catalao-na-internet\/#primaryimage\"},\"thumbnailUrl\":\"https:\/\/catalonia.com.br\/wp-content\/uploads\/2023\/10\/Uma-rede-para-monitorar-o-posicionamento-do-catalao-na-Internet.png\",\"keywords\":[\"Fundaci\u00f3.cat\",\"Internet\"],\"articleSection\":[\"Internet\"],\"inLanguage\":\"ca\"},{\"@type\":\"WebPage\",\"@id\":\"https:\/\/catalonia.com.br\/uma-rede-para-monitorar-o-posicionamento-do-catalao-na-internet\/\",\"url\":\"https:\/\/catalonia.com.br\/uma-rede-para-monitorar-o-posicionamento-do-catalao-na-internet\/\",\"name\":\"Uma rede para monitorar o posicionamento do catal\u00e3o na Internet - Associa\u00e7\u00e3o Cultural Catalonia\",\"isPartOf\":{\"@id\":\"https:\/\/catalonia.com.br\/#website\"},\"primaryImageOfPage\":{\"@id\":\"https:\/\/catalonia.com.br\/uma-rede-para-monitorar-o-posicionamento-do-catalao-na-internet\/#primaryimage\"},\"image\":{\"@id\":\"https:\/\/catalonia.com.br\/uma-rede-para-monitorar-o-posicionamento-do-catalao-na-internet\/#primaryimage\"},\"thumbnailUrl\":\"https:\/\/catalonia.com.br\/wp-content\/uploads\/2023\/10\/Uma-rede-para-monitorar-o-posicionamento-do-catalao-na-Internet.png\",\"datePublished\":\"2023-10-14T20:40:18+00:00\",\"description\":\"A Fundaci\u00f3.cat desenvolveu uma rede para monitorar o posicionamento do catal\u00e3o na Internet. Leia no blog da Associa\u00e7\u00e3o Cultural Catalonia.\",\"breadcrumb\":{\"@id\":\"https:\/\/catalonia.com.br\/uma-rede-para-monitorar-o-posicionamento-do-catalao-na-internet\/#breadcrumb\"},\"inLanguage\":\"ca\",\"potentialAction\":[{\"@type\":\"ReadAction\",\"target\":[\"https:\/\/catalonia.com.br\/uma-rede-para-monitorar-o-posicionamento-do-catalao-na-internet\/\"]}]},{\"@type\":\"ImageObject\",\"inLanguage\":\"ca\",\"@id\":\"https:\/\/catalonia.com.br\/uma-rede-para-monitorar-o-posicionamento-do-catalao-na-internet\/#primaryimage\",\"url\":\"https:\/\/catalonia.com.br\/wp-content\/uploads\/2023\/10\/Uma-rede-para-monitorar-o-posicionamento-do-catalao-na-Internet.png\",\"contentUrl\":\"https:\/\/catalonia.com.br\/wp-content\/uploads\/2023\/10\/Uma-rede-para-monitorar-o-posicionamento-do-catalao-na-Internet.png\",\"width\":1920,\"height\":778,\"caption\":\"Uma rede para monitorar o posicionamento do catal\u00e3o na Internet\"},{\"@type\":\"BreadcrumbList\",\"@id\":\"https:\/\/catalonia.com.br\/uma-rede-para-monitorar-o-posicionamento-do-catalao-na-internet\/#breadcrumb\",\"itemListElement\":[{\"@type\":\"ListItem\",\"position\":1,\"name\":\"In\u00edcio\",\"item\":\"https:\/\/catalonia.com.br\/\"},{\"@type\":\"ListItem\",\"position\":2,\"name\":\"Uma rede para monitorar o posicionamento do catal\u00e3o na Internet\"}]},{\"@type\":\"WebSite\",\"@id\":\"https:\/\/catalonia.com.br\/#website\",\"url\":\"https:\/\/catalonia.com.br\/\",\"name\":\"Associa\u00e7\u00e3o Cultural Catalonia\",\"description\":\"\",\"publisher\":{\"@id\":\"https:\/\/catalonia.com.br\/#organization\"},\"potentialAction\":[{\"@type\":\"SearchAction\",\"target\":{\"@type\":\"EntryPoint\",\"urlTemplate\":\"https:\/\/catalonia.com.br\/?s={search_term_string}\"},\"query-input\":{\"@type\":\"PropertyValueSpecification\",\"valueRequired\":true,\"valueName\":\"search_term_string\"}}],\"inLanguage\":\"ca\"},{\"@type\":\"Organization\",\"@id\":\"https:\/\/catalonia.com.br\/#organization\",\"name\":\"Associa\u00e7\u00e3o Cultural Catalonia\",\"url\":\"https:\/\/catalonia.com.br\/\",\"logo\":{\"@type\":\"ImageObject\",\"inLanguage\":\"ca\",\"@id\":\"https:\/\/catalonia.com.br\/#\/schema\/logo\/image\/\",\"url\":\"https:\/\/catalonia.com.br\/wp-content\/uploads\/2023\/06\/cropped-cropped-cropped-Catalonia-logotip-renovat-2.png\",\"contentUrl\":\"https:\/\/catalonia.com.br\/wp-content\/uploads\/2023\/06\/cropped-cropped-cropped-Catalonia-logotip-renovat-2.png\",\"width\":313,\"height\":320,\"caption\":\"Associa\u00e7\u00e3o Cultural Catalonia\"},\"image\":{\"@id\":\"https:\/\/catalonia.com.br\/#\/schema\/logo\/image\/\"}},{\"@type\":\"Person\",\"@id\":\"https:\/\/catalonia.com.br\/#\/schema\/person\/290e9ee5456767bc37314ca9a08b9a2c\",\"name\":\"Associa\u00e7\u00e3o Cultural Catalonia\",\"image\":{\"@type\":\"ImageObject\",\"inLanguage\":\"ca\",\"@id\":\"https:\/\/secure.gravatar.com\/avatar\/229653cd828f7e1ca1f697f46f758640451a69c14a30bc1c7de56f94f2f89e64?s=96&d=mm&r=g\",\"url\":\"https:\/\/secure.gravatar.com\/avatar\/229653cd828f7e1ca1f697f46f758640451a69c14a30bc1c7de56f94f2f89e64?s=96&d=mm&r=g\",\"contentUrl\":\"https:\/\/secure.gravatar.com\/avatar\/229653cd828f7e1ca1f697f46f758640451a69c14a30bc1c7de56f94f2f89e64?s=96&d=mm&r=g\",\"caption\":\"Associa\u00e7\u00e3o Cultural Catalonia\"},\"sameAs\":[\"https:\/\/catalonia.com.br\"],\"url\":\"https:\/\/catalonia.com.br\/ca\/author\/admincat\/\"}]}<\/script>\n<!-- \/ Yoast SEO plugin. -->","yoast_head_json":{"title":"Uma rede para monitorar o posicionamento do catal\u00e3o na Internet - Associa\u00e7\u00e3o Cultural Catalonia","description":"A Fundaci\u00f3.cat desenvolveu uma rede para monitorar o posicionamento do catal\u00e3o na Internet. Leia no blog da Associa\u00e7\u00e3o Cultural Catalonia.","robots":{"index":"index","follow":"follow","max-snippet":"max-snippet:-1","max-image-preview":"max-image-preview:large","max-video-preview":"max-video-preview:-1"},"canonical":"https:\/\/catalonia.com.br\/ca\/uma-rede-para-monitorar-o-posicionamento-do-catalao-na-internet\/","og_locale":"ca_ES","og_type":"article","og_title":"Uma rede para monitorar o posicionamento do catal\u00e3o na Internet - Associa\u00e7\u00e3o Cultural Catalonia","og_description":"A Fundaci\u00f3.cat desenvolveu uma rede para monitorar o posicionamento do catal\u00e3o na Internet. Leia no blog da Associa\u00e7\u00e3o Cultural Catalonia.","og_url":"https:\/\/catalonia.com.br\/ca\/uma-rede-para-monitorar-o-posicionamento-do-catalao-na-internet\/","og_site_name":"Associa\u00e7\u00e3o Cultural Catalonia","article_published_time":"2023-10-14T20:40:18+00:00","og_image":[{"width":1920,"height":778,"url":"https:\/\/catalonia.com.br\/wp-content\/uploads\/2023\/10\/Uma-rede-para-monitorar-o-posicionamento-do-catalao-na-Internet.png","type":"image\/png"}],"author":"Associa\u00e7\u00e3o Cultural Catalonia","twitter_card":"summary_large_image","twitter_misc":{"Escrit per":"Associa\u00e7\u00e3o Cultural Catalonia","Temps estimat de lectura":"2 minuts"},"schema":{"@context":"https:\/\/schema.org","@graph":[{"@type":"Article","@id":"https:\/\/catalonia.com.br\/uma-rede-para-monitorar-o-posicionamento-do-catalao-na-internet\/#article","isPartOf":{"@id":"https:\/\/catalonia.com.br\/uma-rede-para-monitorar-o-posicionamento-do-catalao-na-internet\/"},"author":{"name":"Associa\u00e7\u00e3o Cultural Catalonia","@id":"https:\/\/catalonia.com.br\/#\/schema\/person\/290e9ee5456767bc37314ca9a08b9a2c"},"headline":"Uma rede para monitorar o posicionamento do catal\u00e3o na Internet","datePublished":"2023-10-14T20:40:18+00:00","mainEntityOfPage":{"@id":"https:\/\/catalonia.com.br\/uma-rede-para-monitorar-o-posicionamento-do-catalao-na-internet\/"},"wordCount":235,"publisher":{"@id":"https:\/\/catalonia.com.br\/#organization"},"image":{"@id":"https:\/\/catalonia.com.br\/uma-rede-para-monitorar-o-posicionamento-do-catalao-na-internet\/#primaryimage"},"thumbnailUrl":"https:\/\/catalonia.com.br\/wp-content\/uploads\/2023\/10\/Uma-rede-para-monitorar-o-posicionamento-do-catalao-na-Internet.png","keywords":["Fundaci\u00f3.cat","Internet"],"articleSection":["Internet"],"inLanguage":"ca"},{"@type":"WebPage","@id":"https:\/\/catalonia.com.br\/uma-rede-para-monitorar-o-posicionamento-do-catalao-na-internet\/","url":"https:\/\/catalonia.com.br\/uma-rede-para-monitorar-o-posicionamento-do-catalao-na-internet\/","name":"Uma rede para monitorar o posicionamento do catal\u00e3o na Internet - Associa\u00e7\u00e3o Cultural Catalonia","isPartOf":{"@id":"https:\/\/catalonia.com.br\/#website"},"primaryImageOfPage":{"@id":"https:\/\/catalonia.com.br\/uma-rede-para-monitorar-o-posicionamento-do-catalao-na-internet\/#primaryimage"},"image":{"@id":"https:\/\/catalonia.com.br\/uma-rede-para-monitorar-o-posicionamento-do-catalao-na-internet\/#primaryimage"},"thumbnailUrl":"https:\/\/catalonia.com.br\/wp-content\/uploads\/2023\/10\/Uma-rede-para-monitorar-o-posicionamento-do-catalao-na-Internet.png","datePublished":"2023-10-14T20:40:18+00:00","description":"A Fundaci\u00f3.cat desenvolveu uma rede para monitorar o posicionamento do catal\u00e3o na Internet. Leia no blog da Associa\u00e7\u00e3o Cultural Catalonia.","breadcrumb":{"@id":"https:\/\/catalonia.com.br\/uma-rede-para-monitorar-o-posicionamento-do-catalao-na-internet\/#breadcrumb"},"inLanguage":"ca","potentialAction":[{"@type":"ReadAction","target":["https:\/\/catalonia.com.br\/uma-rede-para-monitorar-o-posicionamento-do-catalao-na-internet\/"]}]},{"@type":"ImageObject","inLanguage":"ca","@id":"https:\/\/catalonia.com.br\/uma-rede-para-monitorar-o-posicionamento-do-catalao-na-internet\/#primaryimage","url":"https:\/\/catalonia.com.br\/wp-content\/uploads\/2023\/10\/Uma-rede-para-monitorar-o-posicionamento-do-catalao-na-Internet.png","contentUrl":"https:\/\/catalonia.com.br\/wp-content\/uploads\/2023\/10\/Uma-rede-para-monitorar-o-posicionamento-do-catalao-na-Internet.png","width":1920,"height":778,"caption":"Uma rede para monitorar o posicionamento do catal\u00e3o na Internet"},{"@type":"BreadcrumbList","@id":"https:\/\/catalonia.com.br\/uma-rede-para-monitorar-o-posicionamento-do-catalao-na-internet\/#breadcrumb","itemListElement":[{"@type":"ListItem","position":1,"name":"In\u00edcio","item":"https:\/\/catalonia.com.br\/"},{"@type":"ListItem","position":2,"name":"Uma rede para monitorar o posicionamento do catal\u00e3o na Internet"}]},{"@type":"WebSite","@id":"https:\/\/catalonia.com.br\/#website","url":"https:\/\/catalonia.com.br\/","name":"l'Associaci\u00f3 Cultural Catalonia","description":"","publisher":{"@id":"https:\/\/catalonia.com.br\/#organization"},"potentialAction":[{"@type":"SearchAction","target":{"@type":"EntryPoint","urlTemplate":"https:\/\/catalonia.com.br\/?s={search_term_string}"},"query-input":{"@type":"PropertyValueSpecification","valueRequired":true,"valueName":"search_term_string"}}],"inLanguage":"ca"},{"@type":"Organization","@id":"https:\/\/catalonia.com.br\/#organization","name":"l'Associaci\u00f3 Cultural Catalonia","url":"https:\/\/catalonia.com.br\/","logo":{"@type":"ImageObject","inLanguage":"ca","@id":"https:\/\/catalonia.com.br\/#\/schema\/logo\/image\/","url":"https:\/\/catalonia.com.br\/wp-content\/uploads\/2023\/06\/cropped-cropped-cropped-Catalonia-logotip-renovat-2.png","contentUrl":"https:\/\/catalonia.com.br\/wp-content\/uploads\/2023\/06\/cropped-cropped-cropped-Catalonia-logotip-renovat-2.png","width":313,"height":320,"caption":"Associa\u00e7\u00e3o Cultural Catalonia"},"image":{"@id":"https:\/\/catalonia.com.br\/#\/schema\/logo\/image\/"}},{"@type":"Person","@id":"https:\/\/catalonia.com.br\/#\/schema\/person\/290e9ee5456767bc37314ca9a08b9a2c","name":"l'Associaci\u00f3 Cultural Catalonia","image":{"@type":"ImageObject","inLanguage":"ca","@id":"https:\/\/secure.gravatar.com\/avatar\/229653cd828f7e1ca1f697f46f758640451a69c14a30bc1c7de56f94f2f89e64?s=96&d=mm&r=g","url":"https:\/\/secure.gravatar.com\/avatar\/229653cd828f7e1ca1f697f46f758640451a69c14a30bc1c7de56f94f2f89e64?s=96&d=mm&r=g","contentUrl":"https:\/\/secure.gravatar.com\/avatar\/229653cd828f7e1ca1f697f46f758640451a69c14a30bc1c7de56f94f2f89e64?s=96&d=mm&r=g","caption":"Associa\u00e7\u00e3o Cultural Catalonia"},"sameAs":["https:\/\/catalonia.com.br"],"url":"https:\/\/catalonia.com.br\/ca\/author\/admincat\/"}]}},"uagb_featured_image_src":{"full":["https:\/\/catalonia.com.br\/wp-content\/uploads\/2023\/10\/Uma-rede-para-monitorar-o-posicionamento-do-catalao-na-Internet.png",1920,778,false],"thumbnail":["https:\/\/catalonia.com.br\/wp-content\/uploads\/2023\/10\/Uma-rede-para-monitorar-o-posicionamento-do-catalao-na-Internet-150x150.png",150,150,true],"medium":["https:\/\/catalonia.com.br\/wp-content\/uploads\/2023\/10\/Uma-rede-para-monitorar-o-posicionamento-do-catalao-na-Internet-300x122.png",300,122,true],"medium_large":["https:\/\/catalonia.com.br\/wp-content\/uploads\/2023\/10\/Uma-rede-para-monitorar-o-posicionamento-do-catalao-na-Internet-768x311.png",768,311,true],"large":["https:\/\/catalonia.com.br\/wp-content\/uploads\/2023\/10\/Uma-rede-para-monitorar-o-posicionamento-do-catalao-na-Internet-1024x415.png",1024,415,true],"1536x1536":["https:\/\/catalonia.com.br\/wp-content\/uploads\/2023\/10\/Uma-rede-para-monitorar-o-posicionamento-do-catalao-na-Internet-1536x622.png",1536,622,true],"2048x2048":["https:\/\/catalonia.com.br\/wp-content\/uploads\/2023\/10\/Uma-rede-para-monitorar-o-posicionamento-do-catalao-na-Internet.png",1920,778,false],"trp-custom-language-flag":["https:\/\/catalonia.com.br\/wp-content\/uploads\/2023\/10\/Uma-rede-para-monitorar-o-posicionamento-do-catalao-na-Internet-18x7.png",18,7,true],"woocommerce_thumbnail":["https:\/\/catalonia.com.br\/wp-content\/uploads\/2023\/10\/Uma-rede-para-monitorar-o-posicionamento-do-catalao-na-Internet-300x300.png",300,300,true],"woocommerce_single":["https:\/\/catalonia.com.br\/wp-content\/uploads\/2023\/10\/Uma-rede-para-monitorar-o-posicionamento-do-catalao-na-Internet-600x243.png",600,243,true],"woocommerce_gallery_thumbnail":["https:\/\/catalonia.com.br\/wp-content\/uploads\/2023\/10\/Uma-rede-para-monitorar-o-posicionamento-do-catalao-na-Internet-100x100.png",100,100,true]},"uagb_author_info":{"display_name":"Associa\u00e7\u00e3o Cultural Catalonia","author_link":"https:\/\/catalonia.com.br\/ca\/author\/admincat\/"},"uagb_comment_info":0,"uagb_excerpt":"A Fundaci\u00f3.cat criou um dispositivo que vai permitir monitorar, de maneira cont\u00ednua, futuras incid\u00eancias que possam afetar o posicionamento do catal\u00e3o na Internet. Esse monitoramento ser\u00e1 feito por meio de uma rede de sensores que abranger\u00e1 todas as regi\u00f5es de fala catal\u00e3. Essa rede, administrada pela Fundaci\u00f3.cat, far\u00e1 pesquisas aut\u00f4nomas a fim de avaliar a","_links":{"self":[{"href":"https:\/\/catalonia.com.br\/ca\/wp-json\/wp\/v2\/posts\/3897","targetHints":{"allow":["GET"]}}],"collection":[{"href":"https:\/\/catalonia.com.br\/ca\/wp-json\/wp\/v2\/posts"}],"about":[{"href":"https:\/\/catalonia.com.br\/ca\/wp-json\/wp\/v2\/types\/post"}],"author":[{"embeddable":true,"href":"https:\/\/catalonia.com.br\/ca\/wp-json\/wp\/v2\/users\/1"}],"replies":[{"embeddable":true,"href":"https:\/\/catalonia.com.br\/ca\/wp-json\/wp\/v2\/comments?post=3897"}],"version-history":[{"count":0,"href":"https:\/\/catalonia.com.br\/ca\/wp-json\/wp\/v2\/posts\/3897\/revisions"}],"wp:featuredmedia":[{"embeddable":true,"href":"https:\/\/catalonia.com.br\/ca\/wp-json\/wp\/v2\/media\/3899"}],"wp:attachment":[{"href":"https:\/\/catalonia.com.br\/ca\/wp-json\/wp\/v2\/media?parent=3897"}],"wp:term":[{"taxonomy":"category","embeddable":true,"href":"https:\/\/catalonia.com.br\/ca\/wp-json\/wp\/v2\/categories?post=3897"},{"taxonomy":"post_tag","embeddable":true,"href":"https:\/\/catalonia.com.br\/ca\/wp-json\/wp\/v2\/tags?post=3897"}],"curies":[{"name":"wp","href":"https:\/\/api.w.org\/{rel}","templated":true}]}}