{"id":73,"count":1,"description":"<p style=\"text-align: justify\">Artigos, not\u00edcias e outras publica\u00e7\u00f5es sobre a presen\u00e7a da l\u00edngua catal\u00e3 na Internet. Leia mais no blog da Associa\u00e7\u00e3o Cultural Catalonia.<\/p>","link":"https:\/\/catalonia.com.br\/ca\/internet\/","name":"Internet","slug":"internet","taxonomy":"category","parent":0,"meta":[],"yoast_head":"<!-- This site is optimized with the Yoast SEO plugin v27.2 - https:\/\/yoast.com\/product\/yoast-seo-wordpress\/ -->\n<title>Internet - Associa\u00e7\u00e3o Cultural Catalonia<\/title>\n<meta name=\"description\" content=\"Artigos, not\u00edcias e outras publica\u00e7\u00f5es sobre a presen\u00e7a da l\u00edngua catal\u00e3 na Internet. Leia mais no blog da Associa\u00e7\u00e3o Cultural Catalonia.\" \/>\n<meta name=\"robots\" content=\"index, follow, max-snippet:-1, max-image-preview:large, max-video-preview:-1\" \/>\n<link rel=\"canonical\" href=\"https:\/\/catalonia.com.br\/ca\/internet\/\" \/>\n<meta property=\"og:locale\" content=\"ca_ES\" \/>\n<meta property=\"og:type\" content=\"article\" \/>\n<meta property=\"og:title\" content=\"Internet - Associa\u00e7\u00e3o Cultural Catalonia\" \/>\n<meta property=\"og:description\" content=\"Artigos, not\u00edcias e outras publica\u00e7\u00f5es sobre a presen\u00e7a da l\u00edngua catal\u00e3 na Internet. Leia mais no blog da Associa\u00e7\u00e3o Cultural Catalonia.\" \/>\n<meta property=\"og:url\" content=\"https:\/\/catalonia.com.br\/ca\/internet\/\" \/>\n<meta property=\"og:site_name\" content=\"Associa\u00e7\u00e3o Cultural Catalonia\" \/>\n<meta name=\"twitter:card\" content=\"summary_large_image\" \/>\n<script type=\"application\/ld+json\" class=\"yoast-schema-graph\">{\"@context\":\"https:\/\/schema.org\",\"@graph\":[{\"@type\":\"CollectionPage\",\"@id\":\"https:\/\/catalonia.com.br\/internet\/\",\"url\":\"https:\/\/catalonia.com.br\/internet\/\",\"name\":\"Internet - Associa\u00e7\u00e3o Cultural Catalonia\",\"isPartOf\":{\"@id\":\"https:\/\/catalonia.com.br\/#website\"},\"description\":\"Artigos, not\u00edcias e outras publica\u00e7\u00f5es sobre a presen\u00e7a da l\u00edngua catal\u00e3 na Internet. Leia mais no blog da Associa\u00e7\u00e3o Cultural Catalonia.\",\"breadcrumb\":{\"@id\":\"https:\/\/catalonia.com.br\/internet\/#breadcrumb\"},\"inLanguage\":\"ca\"},{\"@type\":\"BreadcrumbList\",\"@id\":\"https:\/\/catalonia.com.br\/internet\/#breadcrumb\",\"itemListElement\":[{\"@type\":\"ListItem\",\"position\":1,\"name\":\"In\u00edcio\",\"item\":\"https:\/\/catalonia.com.br\/\"},{\"@type\":\"ListItem\",\"position\":2,\"name\":\"Internet\"}]},{\"@type\":\"WebSite\",\"@id\":\"https:\/\/catalonia.com.br\/#website\",\"url\":\"https:\/\/catalonia.com.br\/\",\"name\":\"Associa\u00e7\u00e3o Cultural Catalonia\",\"description\":\"\",\"publisher\":{\"@id\":\"https:\/\/catalonia.com.br\/#organization\"},\"potentialAction\":[{\"@type\":\"SearchAction\",\"target\":{\"@type\":\"EntryPoint\",\"urlTemplate\":\"https:\/\/catalonia.com.br\/?s={search_term_string}\"},\"query-input\":{\"@type\":\"PropertyValueSpecification\",\"valueRequired\":true,\"valueName\":\"search_term_string\"}}],\"inLanguage\":\"ca\"},{\"@type\":\"Organization\",\"@id\":\"https:\/\/catalonia.com.br\/#organization\",\"name\":\"Associa\u00e7\u00e3o Cultural Catalonia\",\"url\":\"https:\/\/catalonia.com.br\/\",\"logo\":{\"@type\":\"ImageObject\",\"inLanguage\":\"ca\",\"@id\":\"https:\/\/catalonia.com.br\/#\/schema\/logo\/image\/\",\"url\":\"https:\/\/catalonia.com.br\/wp-content\/uploads\/2023\/06\/cropped-cropped-cropped-Catalonia-logotip-renovat-2.png\",\"contentUrl\":\"https:\/\/catalonia.com.br\/wp-content\/uploads\/2023\/06\/cropped-cropped-cropped-Catalonia-logotip-renovat-2.png\",\"width\":313,\"height\":320,\"caption\":\"Associa\u00e7\u00e3o Cultural Catalonia\"},\"image\":{\"@id\":\"https:\/\/catalonia.com.br\/#\/schema\/logo\/image\/\"}}]}<\/script>\n<!-- \/ Yoast SEO plugin. -->","yoast_head_json":{"title":"Internet - Associa\u00e7\u00e3o Cultural Catalonia","description":"Artigos, not\u00edcias e outras publica\u00e7\u00f5es sobre a presen\u00e7a da l\u00edngua catal\u00e3 na Internet. Leia mais no blog da Associa\u00e7\u00e3o Cultural Catalonia.","robots":{"index":"index","follow":"follow","max-snippet":"max-snippet:-1","max-image-preview":"max-image-preview:large","max-video-preview":"max-video-preview:-1"},"canonical":"https:\/\/catalonia.com.br\/ca\/internet\/","og_locale":"ca_ES","og_type":"article","og_title":"Internet - Associa\u00e7\u00e3o Cultural Catalonia","og_description":"Artigos, not\u00edcias e outras publica\u00e7\u00f5es sobre a presen\u00e7a da l\u00edngua catal\u00e3 na Internet. Leia mais no blog da Associa\u00e7\u00e3o Cultural Catalonia.","og_url":"https:\/\/catalonia.com.br\/ca\/internet\/","og_site_name":"Associa\u00e7\u00e3o Cultural Catalonia","twitter_card":"summary_large_image","schema":{"@context":"https:\/\/schema.org","@graph":[{"@type":"CollectionPage","@id":"https:\/\/catalonia.com.br\/internet\/","url":"https:\/\/catalonia.com.br\/internet\/","name":"Internet - Associa\u00e7\u00e3o Cultural Catalonia","isPartOf":{"@id":"https:\/\/catalonia.com.br\/#website"},"description":"Artigos, not\u00edcias e outras publica\u00e7\u00f5es sobre a presen\u00e7a da l\u00edngua catal\u00e3 na Internet. Leia mais no blog da Associa\u00e7\u00e3o Cultural Catalonia.","breadcrumb":{"@id":"https:\/\/catalonia.com.br\/internet\/#breadcrumb"},"inLanguage":"ca"},{"@type":"BreadcrumbList","@id":"https:\/\/catalonia.com.br\/internet\/#breadcrumb","itemListElement":[{"@type":"ListItem","position":1,"name":"In\u00edcio","item":"https:\/\/catalonia.com.br\/"},{"@type":"ListItem","position":2,"name":"Internet"}]},{"@type":"WebSite","@id":"https:\/\/catalonia.com.br\/#website","url":"https:\/\/catalonia.com.br\/","name":"l'Associaci\u00f3 Cultural Catalonia","description":"","publisher":{"@id":"https:\/\/catalonia.com.br\/#organization"},"potentialAction":[{"@type":"SearchAction","target":{"@type":"EntryPoint","urlTemplate":"https:\/\/catalonia.com.br\/?s={search_term_string}"},"query-input":{"@type":"PropertyValueSpecification","valueRequired":true,"valueName":"search_term_string"}}],"inLanguage":"ca"},{"@type":"Organization","@id":"https:\/\/catalonia.com.br\/#organization","name":"l'Associaci\u00f3 Cultural Catalonia","url":"https:\/\/catalonia.com.br\/","logo":{"@type":"ImageObject","inLanguage":"ca","@id":"https:\/\/catalonia.com.br\/#\/schema\/logo\/image\/","url":"https:\/\/catalonia.com.br\/wp-content\/uploads\/2023\/06\/cropped-cropped-cropped-Catalonia-logotip-renovat-2.png","contentUrl":"https:\/\/catalonia.com.br\/wp-content\/uploads\/2023\/06\/cropped-cropped-cropped-Catalonia-logotip-renovat-2.png","width":313,"height":320,"caption":"Associa\u00e7\u00e3o Cultural Catalonia"},"image":{"@id":"https:\/\/catalonia.com.br\/#\/schema\/logo\/image\/"}}]}},"_links":{"self":[{"href":"https:\/\/catalonia.com.br\/ca\/wp-json\/wp\/v2\/categories\/73","targetHints":{"allow":["GET"]}}],"collection":[{"href":"https:\/\/catalonia.com.br\/ca\/wp-json\/wp\/v2\/categories"}],"about":[{"href":"https:\/\/catalonia.com.br\/ca\/wp-json\/wp\/v2\/taxonomies\/category"}],"wp:post_type":[{"href":"https:\/\/catalonia.com.br\/ca\/wp-json\/wp\/v2\/posts?categories=73"}],"curies":[{"name":"wp","href":"https:\/\/api.w.org\/{rel}","templated":true}]}}